{"id":85,"date":"2018-05-02T17:39:00","date_gmt":"2018-05-02T15:39:00","guid":{"rendered":"http:\/\/aikido.didierverna.org\/?p=85"},"modified":"2023-10-10T14:20:16","modified_gmt":"2023-10-10T12:20:16","slug":"lisp-jazz-aikido-dix-ans-apres","status":"publish","type":"post","link":"https:\/\/aikido.didierverna.org\/index.php\/2018\/05\/02\/lisp-jazz-aikido-dix-ans-apres\/","title":{"rendered":"Lisp, Jazz, A\u00efkido: Dix Ans Apr\u00e8s"},"content":{"rendered":"<div class=\"wp-block-image is-style-default\">\n<figure class=\"alignleft is-resized\"><img data-opt-id=1127294526  fetchpriority=\"high\" decoding=\"async\" src=\"https:\/\/mlxpkoy5mkhp.i.optimole.com\/w:724\/h:1024\/q:mauto\/f:best\/https:\/\/aikido.didierverna.org\/wp-content\/uploads\/2018\/05\/1804.00485.jpg\" alt=\"\" class=\"wp-image-162\" style=\"object-fit:contain;width:251px;height:354px\" width=\"251\" height=\"354\" srcset=\"https:\/\/mlxpkoy5mkhp.i.optimole.com\/w:724\/h:1024\/q:mauto\/f:best\/https:\/\/aikido.didierverna.org\/wp-content\/uploads\/2018\/05\/1804.00485-scaled.jpg 724w, https:\/\/mlxpkoy5mkhp.i.optimole.com\/w:212\/h:300\/q:mauto\/f:best\/https:\/\/aikido.didierverna.org\/wp-content\/uploads\/2018\/05\/1804.00485-scaled.jpg 212w, https:\/\/mlxpkoy5mkhp.i.optimole.com\/w:763\/h:1080\/q:mauto\/f:best\/https:\/\/aikido.didierverna.org\/wp-content\/uploads\/2018\/05\/1804.00485-scaled.jpg 768w, https:\/\/mlxpkoy5mkhp.i.optimole.com\/w:763\/h:1080\/q:mauto\/f:best\/https:\/\/aikido.didierverna.org\/wp-content\/uploads\/2018\/05\/1804.00485-scaled.jpg 1086w, https:\/\/mlxpkoy5mkhp.i.optimole.com\/w:763\/h:1080\/q:mauto\/f:best\/https:\/\/aikido.didierverna.org\/wp-content\/uploads\/2018\/05\/1804.00485-scaled.jpg 1448w, https:\/\/mlxpkoy5mkhp.i.optimole.com\/w:763\/h:1080\/q:mauto\/f:best\/https:\/\/aikido.didierverna.org\/wp-content\/uploads\/2018\/05\/1804.00485-scaled.jpg 1810w\" sizes=\"(max-width: 251px) 100vw, 251px\" \/><\/figure>\n<\/div>\n\n\n<p class=\"has-text-align-left\">Il y a dix ans, j&rsquo;avais publi\u00e9 un court article intitul\u00e9 \u00abLisp, Jazz, A\u00efkido\u00bb,  \u00e9gratignant la surface de ce que je pressentais alors \u00eatre des points de jonction entre ces trois disciplines. Il y a dix ans, j&rsquo;avais l&rsquo;intuition que ces id\u00e9es n&rsquo;\u00e9taient que le sommet \u00e9merg\u00e9 d&rsquo;un iceberg de taille potentiellement grande, et j&rsquo;avais termin\u00e9 l&rsquo;article en \u00e9crivant ceci: \u00ab J&rsquo;aimerais \u00e9crire un v\u00e9ritable essai sur la question, un jour&#8230; lorsque j&rsquo;aurai le temps. \u00bb.<\/p>\n\n\n\n<p>Et bien, dix ans plus tard, voil\u00e0 qui est fait. Cet essai, qui fait cinquante pages, vient d&rsquo;\u00eatre publi\u00e9 dans le <a href=\"http:\/\/programming-journal.org\/2018\/2\/10\/\">Art, Science, and Engineering of Programming Journal<\/a>, et a par ailleurs re\u00e7u le \u00abReviewers&rsquo;Choice Award\u00bb (une sorte de prix du meilleur article) 2018.  Je ne suis pas du genre \u00e0 cr\u00e2ner, loin s&rsquo;en faut, mais je me devais de mentionner cette r\u00e9compense car ce travail est tellement intime, et j&rsquo;ai investi tellement d&rsquo;\u00e9nergie dans son \u00e9criture (plus de 300 heures), que je suis autant \u00e9mu par l&rsquo;accueil qui lui a \u00e9t\u00e9 r\u00e9serv\u00e9 que j&rsquo;aurais \u00e9t\u00e9 affect\u00e9 par son \u00e9ventuel rejet.<\/p>\n\n\n\n<p>La pr\u00e9sentation de cet essai n&rsquo;a malheureusement pas \u00e9t\u00e9 enregistr\u00e9e, mais j&rsquo;ai pris le temps de faire un screencast apr\u00e8s coup, celui-ci \u00e9tant disponible sur <a href=\"https:\/\/youtu.be\/CbciCrQCpkI\">YouTube<\/a>. \u00c0 l&rsquo;image de l&rsquo;essai lui-m\u00eame, cette pr\u00e9sentation ne correspond pas vraiment \u00e0 ce \u00e0 quoi l&rsquo;on s&rsquo;attend dans une conf\u00e9rence scientifique&#8230;<\/p>\n\n\n\n<p>Si vous vous sentez une fibre artistique, si vous \u00eates sensibles aux dimensions esth\u00e9tiques de vos diverses activit\u00e9s, alors vous pourriez prendre plaisir \u00e0 la lecture de ce travail&#8230;<\/p>\n\n\n\n<p><em>What&rsquo;s next ?<\/em> Cet essai est \u00e9crit en anglais car il a \u00e9t\u00e9 publi\u00e9 dans une revue internationale d&rsquo;informatique. Il est par cons\u00e9quent destin\u00e9 avant tout \u00e0 un lectorat de programmeurs. Mon objectif est maintenant d&rsquo;en faire une version \u00e9tendue, vulgaris\u00e9e, et en fran\u00e7ais, afin de le publier sous forme de livre. Esp\u00e9rons que cela ne prenne pas dix ans de plus !<\/p>\n","protected":false},"excerpt":{"rendered":"<p>Il y a dix ans, j&rsquo;avais publi\u00e9 un court article intitul\u00e9 \u00abLisp, Jazz, A\u00efkido\u00bb, \u00e9gratignant la surface de ce que je pressentais alors \u00eatre des points de jonction entre ces trois disciplines. Il y a dix ans, j&rsquo;avais l&rsquo;intuition que ces id\u00e9es n&rsquo;\u00e9taient que le sommet \u00e9merg\u00e9 d&rsquo;un iceberg de [&hellip;]<\/p>\n","protected":false},"author":2,"featured_media":162,"comment_status":"open","ping_status":"open","sticky":false,"template":"","format":"standard","meta":{"_editorskit_title_hidden":false,"_editorskit_reading_time":0,"_editorskit_is_block_options_detached":false,"_editorskit_block_options_position":"{}","footnotes":""},"categories":[10],"tags":[14,15,13,12,11,6],"class_list":["post-85","post","type-post","status-publish","format-standard","has-post-thumbnail","hentry","category-actualite","tag-art","tag-esthetique","tag-informatique","tag-jazz","tag-lisp","tag-musique"],"_links":{"self":[{"href":"https:\/\/aikido.didierverna.org\/index.php\/wp-json\/wp\/v2\/posts\/85","targetHints":{"allow":["GET"]}}],"collection":[{"href":"https:\/\/aikido.didierverna.org\/index.php\/wp-json\/wp\/v2\/posts"}],"about":[{"href":"https:\/\/aikido.didierverna.org\/index.php\/wp-json\/wp\/v2\/types\/post"}],"author":[{"embeddable":true,"href":"https:\/\/aikido.didierverna.org\/index.php\/wp-json\/wp\/v2\/users\/2"}],"replies":[{"embeddable":true,"href":"https:\/\/aikido.didierverna.org\/index.php\/wp-json\/wp\/v2\/comments?post=85"}],"version-history":[{"count":8,"href":"https:\/\/aikido.didierverna.org\/index.php\/wp-json\/wp\/v2\/posts\/85\/revisions"}],"predecessor-version":[{"id":172,"href":"https:\/\/aikido.didierverna.org\/index.php\/wp-json\/wp\/v2\/posts\/85\/revisions\/172"}],"wp:featuredmedia":[{"embeddable":true,"href":"https:\/\/aikido.didierverna.org\/index.php\/wp-json\/wp\/v2\/media\/162"}],"wp:attachment":[{"href":"https:\/\/aikido.didierverna.org\/index.php\/wp-json\/wp\/v2\/media?parent=85"}],"wp:term":[{"taxonomy":"category","embeddable":true,"href":"https:\/\/aikido.didierverna.org\/index.php\/wp-json\/wp\/v2\/categories?post=85"},{"taxonomy":"post_tag","embeddable":true,"href":"https:\/\/aikido.didierverna.org\/index.php\/wp-json\/wp\/v2\/tags?post=85"}],"curies":[{"name":"wp","href":"https:\/\/api.w.org\/{rel}","templated":true}]}}